{"id":1042,"date":"2024-05-15T17:32:59","date_gmt":"2024-05-15T16:32:59","guid":{"rendered":"https:\/\/www.vf-advogados.pt\/?p=1042"},"modified":"2024-06-20T16:47:11","modified_gmt":"2024-06-20T15:47:11","slug":"4th-event-of-the-discurso-direito-conference-series","status":"publish","type":"post","link":"https:\/\/www.vf-advogados.pt\/en\/media\/4th-event-of-the-discurso-direito-conference-series\/","title":{"rendered":"4th Event of the &#8220;Discurso Direito&#8221; Conference Series"},"content":{"rendered":"\n<p>Dedicated to the theme &#8220;Debt Discharge and Tax Credits&#8221; the 4th conference in the &#8220;Discurso Direito&#8221; series promoted by VFA took place in Coimbra. The analysis and discussion were led by Jo\u00e3o Mota da Costa, the lawyer responsible for the Insolvency department at VFA, and Ana Filipa Concei\u00e7\u00e3o, assistant professor at the Polytechnic Institute of Leiria.<\/p>\n\n\n\n<p>The conference also saw the attendance of business owners, insolvency administrators, consultants, and banking professionals, who participated in the debate by raising questions and sharing&nbsp;experiences.<\/p>\n\n\n\n<figure class=\"wp-block-gallery has-nested-images columns-default is-cropped wp-block-gallery-1 is-layout-flex wp-block-gallery-is-layout-flex\">\n<figure class=\"wp-block-image size-large\"><img loading=\"lazy\" decoding=\"async\" width=\"1920\" height=\"1080\" data-id=\"1044\" src=\"https:\/\/www.vf-advogados.pt\/wp-content\/uploads\/2024\/05\/DSC01204__-1920x1080.jpg\" alt=\"\" class=\"wp-image-1044\" srcset=\"https:\/\/www.vf-advogados.pt\/wp-content\/uploads\/2024\/05\/DSC01204__-1920x1080.jpg 1920w, https:\/\/www.vf-advogados.pt\/wp-content\/uploads\/2024\/05\/DSC01204__-1024x576.jpg 1024w, https:\/\/www.vf-advogados.pt\/wp-content\/uploads\/2024\/05\/DSC01204__-768x432.jpg 768w, https:\/\/www.vf-advogados.pt\/wp-content\/uploads\/2024\/05\/DSC01204__-1536x864.jpg 1536w, https:\/\/www.vf-advogados.pt\/wp-content\/uploads\/2024\/05\/DSC01204__-2048x1152.jpg 2048w, https:\/\/www.vf-advogados.pt\/wp-content\/uploads\/2024\/05\/DSC01204__-767x432.jpg 767w\" sizes=\"auto, (max-width: 1920px) 100vw, 1920px\" \/><\/figure>\n\n\n\n<figure class=\"wp-block-image size-large\"><img loading=\"lazy\" decoding=\"async\" width=\"1920\" height=\"1080\" data-id=\"1043\" src=\"https:\/\/www.vf-advogados.pt\/wp-content\/uploads\/2024\/05\/DSC01219__-1920x1080.jpg\" alt=\"\" class=\"wp-image-1043\" srcset=\"https:\/\/www.vf-advogados.pt\/wp-content\/uploads\/2024\/05\/DSC01219__-1920x1080.jpg 1920w, https:\/\/www.vf-advogados.pt\/wp-content\/uploads\/2024\/05\/DSC01219__-1024x576.jpg 1024w, https:\/\/www.vf-advogados.pt\/wp-content\/uploads\/2024\/05\/DSC01219__-768x432.jpg 768w, https:\/\/www.vf-advogados.pt\/wp-content\/uploads\/2024\/05\/DSC01219__-1536x864.jpg 1536w, https:\/\/www.vf-advogados.pt\/wp-content\/uploads\/2024\/05\/DSC01219__-2048x1152.jpg 2048w, https:\/\/www.vf-advogados.pt\/wp-content\/uploads\/2024\/05\/DSC01219__-767x432.jpg 767w\" sizes=\"auto, (max-width: 1920px) 100vw, 1920px\" \/><\/figure>\n\n\n\n<figure class=\"wp-block-image size-large\"><img loading=\"lazy\" decoding=\"async\" width=\"1920\" height=\"1080\" data-id=\"1047\" src=\"https:\/\/www.vf-advogados.pt\/wp-content\/uploads\/2024\/05\/DSC01232__-1920x1080.jpg\" alt=\"\" class=\"wp-image-1047\" srcset=\"https:\/\/www.vf-advogados.pt\/wp-content\/uploads\/2024\/05\/DSC01232__-1920x1080.jpg 1920w, https:\/\/www.vf-advogados.pt\/wp-content\/uploads\/2024\/05\/DSC01232__-1024x576.jpg 1024w, https:\/\/www.vf-advogados.pt\/wp-content\/uploads\/2024\/05\/DSC01232__-768x432.jpg 768w, https:\/\/www.vf-advogados.pt\/wp-content\/uploads\/2024\/05\/DSC01232__-1536x864.jpg 1536w, https:\/\/www.vf-advogados.pt\/wp-content\/uploads\/2024\/05\/DSC01232__-2048x1152.jpg 2048w, https:\/\/www.vf-advogados.pt\/wp-content\/uploads\/2024\/05\/DSC01232__-767x432.jpg 767w\" sizes=\"auto, (max-width: 1920px) 100vw, 1920px\" \/><\/figure>\n\n\n\n<figure class=\"wp-block-image size-large\"><img loading=\"lazy\" decoding=\"async\" width=\"1920\" height=\"1080\" data-id=\"1053\" src=\"https:\/\/www.vf-advogados.pt\/wp-content\/uploads\/2024\/05\/DSC01285__-1920x1080.jpg\" alt=\"\" class=\"wp-image-1053\" srcset=\"https:\/\/www.vf-advogados.pt\/wp-content\/uploads\/2024\/05\/DSC01285__-1920x1080.jpg 1920w, https:\/\/www.vf-advogados.pt\/wp-content\/uploads\/2024\/05\/DSC01285__-1024x576.jpg 1024w, https:\/\/www.vf-advogados.pt\/wp-content\/uploads\/2024\/05\/DSC01285__-768x432.jpg 768w, https:\/\/www.vf-advogados.pt\/wp-content\/uploads\/2024\/05\/DSC01285__-1536x864.jpg 1536w, https:\/\/www.vf-advogados.pt\/wp-content\/uploads\/2024\/05\/DSC01285__-2048x1152.jpg 2048w, https:\/\/www.vf-advogados.pt\/wp-content\/uploads\/2024\/05\/DSC01285__-767x432.jpg 767w\" sizes=\"auto, (max-width: 1920px) 100vw, 1920px\" \/><\/figure>\n\n\n\n<figure class=\"wp-block-image size-large\"><img loading=\"lazy\" decoding=\"async\" width=\"1920\" height=\"1080\" data-id=\"1048\" src=\"https:\/\/www.vf-advogados.pt\/wp-content\/uploads\/2024\/05\/DSC01253__-1920x1080.jpg\" alt=\"\" class=\"wp-image-1048\" srcset=\"https:\/\/www.vf-advogados.pt\/wp-content\/uploads\/2024\/05\/DSC01253__-1920x1080.jpg 1920w, https:\/\/www.vf-advogados.pt\/wp-content\/uploads\/2024\/05\/DSC01253__-1024x576.jpg 1024w, https:\/\/www.vf-advogados.pt\/wp-content\/uploads\/2024\/05\/DSC01253__-768x432.jpg 768w, https:\/\/www.vf-advogados.pt\/wp-content\/uploads\/2024\/05\/DSC01253__-1536x864.jpg 1536w, https:\/\/www.vf-advogados.pt\/wp-content\/uploads\/2024\/05\/DSC01253__-2048x1152.jpg 2048w, https:\/\/www.vf-advogados.pt\/wp-content\/uploads\/2024\/05\/DSC01253__-767x432.jpg 767w\" sizes=\"auto, (max-width: 1920px) 100vw, 1920px\" \/><\/figure>\n\n\n\n<figure class=\"wp-block-image size-large\"><img loading=\"lazy\" decoding=\"async\" width=\"1920\" height=\"1080\" data-id=\"1050\" src=\"https:\/\/www.vf-advogados.pt\/wp-content\/uploads\/2024\/05\/DSC01264__-1920x1080.jpg\" alt=\"\" class=\"wp-image-1050\" srcset=\"https:\/\/www.vf-advogados.pt\/wp-content\/uploads\/2024\/05\/DSC01264__-1920x1080.jpg 1920w, https:\/\/www.vf-advogados.pt\/wp-content\/uploads\/2024\/05\/DSC01264__-1024x576.jpg 1024w, https:\/\/www.vf-advogados.pt\/wp-content\/uploads\/2024\/05\/DSC01264__-768x432.jpg 768w, https:\/\/www.vf-advogados.pt\/wp-content\/uploads\/2024\/05\/DSC01264__-1536x864.jpg 1536w, https:\/\/www.vf-advogados.pt\/wp-content\/uploads\/2024\/05\/DSC01264__-2048x1152.jpg 2048w, https:\/\/www.vf-advogados.pt\/wp-content\/uploads\/2024\/05\/DSC01264__-767x432.jpg 767w\" sizes=\"auto, (max-width: 1920px) 100vw, 1920px\" \/><\/figure>\n\n\n\n<figure class=\"wp-block-image size-large\"><img loading=\"lazy\" decoding=\"async\" width=\"1920\" height=\"1080\" data-id=\"1057\" src=\"https:\/\/www.vf-advogados.pt\/wp-content\/uploads\/2024\/05\/DSC01291__-1920x1080.jpg\" alt=\"\" class=\"wp-image-1057\" srcset=\"https:\/\/www.vf-advogados.pt\/wp-content\/uploads\/2024\/05\/DSC01291__-1920x1080.jpg 1920w, https:\/\/www.vf-advogados.pt\/wp-content\/uploads\/2024\/05\/DSC01291__-1024x576.jpg 1024w, https:\/\/www.vf-advogados.pt\/wp-content\/uploads\/2024\/05\/DSC01291__-768x432.jpg 768w, https:\/\/www.vf-advogados.pt\/wp-content\/uploads\/2024\/05\/DSC01291__-1536x864.jpg 1536w, https:\/\/www.vf-advogados.pt\/wp-content\/uploads\/2024\/05\/DSC01291__-2048x1152.jpg 2048w, https:\/\/www.vf-advogados.pt\/wp-content\/uploads\/2024\/05\/DSC01291__-767x432.jpg 767w\" sizes=\"auto, (max-width: 1920px) 100vw, 1920px\" \/><\/figure>\n\n\n\n<figure class=\"wp-block-image size-large\"><img loading=\"lazy\" decoding=\"async\" width=\"1920\" height=\"1080\" data-id=\"1061\" src=\"https:\/\/www.vf-advogados.pt\/wp-content\/uploads\/2024\/05\/DSC01331__-1920x1080.jpg\" alt=\"\" class=\"wp-image-1061\" srcset=\"https:\/\/www.vf-advogados.pt\/wp-content\/uploads\/2024\/05\/DSC01331__-1920x1080.jpg 1920w, https:\/\/www.vf-advogados.pt\/wp-content\/uploads\/2024\/05\/DSC01331__-1024x576.jpg 1024w, https:\/\/www.vf-advogados.pt\/wp-content\/uploads\/2024\/05\/DSC01331__-768x432.jpg 768w, https:\/\/www.vf-advogados.pt\/wp-content\/uploads\/2024\/05\/DSC01331__-1536x864.jpg 1536w, https:\/\/www.vf-advogados.pt\/wp-content\/uploads\/2024\/05\/DSC01331__-2048x1152.jpg 2048w, https:\/\/www.vf-advogados.pt\/wp-content\/uploads\/2024\/05\/DSC01331__-767x432.jpg 767w\" sizes=\"auto, (max-width: 1920px) 100vw, 1920px\" \/><\/figure>\n\n\n\n<figure class=\"wp-block-image size-large\"><img loading=\"lazy\" decoding=\"async\" width=\"1920\" height=\"1080\" data-id=\"1059\" src=\"https:\/\/www.vf-advogados.pt\/wp-content\/uploads\/2024\/05\/DSC01307__-1920x1080.jpg\" alt=\"\" class=\"wp-image-1059\" srcset=\"https:\/\/www.vf-advogados.pt\/wp-content\/uploads\/2024\/05\/DSC01307__-1920x1080.jpg 1920w, https:\/\/www.vf-advogados.pt\/wp-content\/uploads\/2024\/05\/DSC01307__-1024x576.jpg 1024w, https:\/\/www.vf-advogados.pt\/wp-content\/uploads\/2024\/05\/DSC01307__-768x432.jpg 768w, https:\/\/www.vf-advogados.pt\/wp-content\/uploads\/2024\/05\/DSC01307__-1536x864.jpg 1536w, https:\/\/www.vf-advogados.pt\/wp-content\/uploads\/2024\/05\/DSC01307__-2048x1152.jpg 2048w, https:\/\/www.vf-advogados.pt\/wp-content\/uploads\/2024\/05\/DSC01307__-767x432.jpg 767w\" sizes=\"auto, (max-width: 1920px) 100vw, 1920px\" \/><\/figure>\n<\/figure>\n","protected":false},"excerpt":{"rendered":"The 4th conference in the &#8220;Discurso Direito&#8221; series promoted by VFA took place in Coimbra. The theme: &#8220;Debt Discharge and Tax Credits&#8221;","protected":false},"author":8,"featured_media":1048,"comment_status":"closed","ping_status":"open","sticky":false,"template":"","format":"standard","meta":{"_acf_changed":false,"footnotes":""},"categories":[26,22],"tags":[],"class_list":["post-1042","post","type-post","status-publish","format-standard","has-post-thumbnail","hentry","category-knowledge","category-media"],"acf":[],"yoast_head":"<!-- This site is optimized with the Yoast SEO plugin v27.4 - https:\/\/yoast.com\/product\/yoast-seo-wordpress\/ -->\n<title>4th Event of the &quot;Discurso Direito&quot; Conference Series - VFA Sociedade de Advogados<\/title>\n<meta name=\"robots\" content=\"index, follow, max-snippet:-1, max-image-preview:large, max-video-preview:-1\" \/>\n<link rel=\"canonical\" href=\"https:\/\/www.vf-advogados.pt\/en\/media\/4th-event-of-the-discurso-direito-conference-series\/\" \/>\n<meta property=\"og:locale\" content=\"en_US\" \/>\n<meta property=\"og:type\" content=\"article\" \/>\n<meta property=\"og:title\" content=\"4th Event of the &quot;Discurso Direito&quot; Conference Series - VFA Sociedade de Advogados\" \/>\n<meta property=\"og:description\" content=\"The 4th conference in the &quot;Discurso Direito&quot; series promoted by VFA took place in Coimbra. The theme: &quot;Debt Discharge and Tax Credits&quot;\" \/>\n<meta property=\"og:url\" content=\"https:\/\/www.vf-advogados.pt\/en\/media\/4th-event-of-the-discurso-direito-conference-series\/\" \/>\n<meta property=\"og:site_name\" content=\"VFA Sociedade de Advogados\" \/>\n<meta property=\"article:publisher\" content=\"https:\/\/www.facebook.com\/vfassociados\" \/>\n<meta property=\"article:published_time\" content=\"2024-05-15T16:32:59+00:00\" \/>\n<meta property=\"article:modified_time\" content=\"2024-06-20T15:47:11+00:00\" \/>\n<meta property=\"og:image\" content=\"https:\/\/www.vf-advogados.pt\/wp-content\/uploads\/2024\/05\/DSC01253__-2560x1440.jpg\" \/>\n\t<meta property=\"og:image:width\" content=\"2560\" \/>\n\t<meta property=\"og:image:height\" content=\"1440\" \/>\n\t<meta property=\"og:image:type\" content=\"image\/jpeg\" \/>\n<meta name=\"author\" content=\"Marco Ant\u00f3nio\" \/>\n<meta name=\"twitter:card\" content=\"summary_large_image\" \/>\n<meta name=\"twitter:label1\" content=\"Written by\" \/>\n\t<meta name=\"twitter:data1\" content=\"Marco Ant\u00f3nio\" \/>\n\t<meta name=\"twitter:label2\" content=\"Est. reading time\" \/>\n\t<meta name=\"twitter:data2\" content=\"3 minutes\" \/>\n<script type=\"application\/ld+json\" class=\"yoast-schema-graph\">{\"@context\":\"https:\\\/\\\/schema.org\",\"@graph\":[{\"@type\":\"Article\",\"@id\":\"https:\\\/\\\/www.vf-advogados.pt\\\/en\\\/media\\\/4th-event-of-the-discurso-direito-conference-series\\\/#article\",\"isPartOf\":{\"@id\":\"https:\\\/\\\/www.vf-advogados.pt\\\/en\\\/media\\\/4th-event-of-the-discurso-direito-conference-series\\\/\"},\"author\":{\"name\":\"Marco Ant\u00f3nio\",\"@id\":\"https:\\\/\\\/www.vf-advogados.pt\\\/#\\\/schema\\\/person\\\/5b6b075c5a025c3d07ee93094908daee\"},\"headline\":\"4th Event of the &#8220;Discurso Direito&#8221; Conference Series\",\"datePublished\":\"2024-05-15T16:32:59+00:00\",\"dateModified\":\"2024-06-20T15:47:11+00:00\",\"mainEntityOfPage\":{\"@id\":\"https:\\\/\\\/www.vf-advogados.pt\\\/en\\\/media\\\/4th-event-of-the-discurso-direito-conference-series\\\/\"},\"wordCount\":93,\"publisher\":{\"@id\":\"https:\\\/\\\/www.vf-advogados.pt\\\/#organization\"},\"image\":{\"@id\":\"https:\\\/\\\/www.vf-advogados.pt\\\/en\\\/media\\\/4th-event-of-the-discurso-direito-conference-series\\\/#primaryimage\"},\"thumbnailUrl\":\"https:\\\/\\\/www.vf-advogados.pt\\\/wp-content\\\/uploads\\\/2024\\\/05\\\/DSC01253__-2560x1440.jpg\",\"articleSection\":[\"Knowledge\",\"Media\"],\"inLanguage\":\"en-US\"},{\"@type\":\"WebPage\",\"@id\":\"https:\\\/\\\/www.vf-advogados.pt\\\/en\\\/media\\\/4th-event-of-the-discurso-direito-conference-series\\\/\",\"url\":\"https:\\\/\\\/www.vf-advogados.pt\\\/en\\\/media\\\/4th-event-of-the-discurso-direito-conference-series\\\/\",\"name\":\"4th Event of the \\\"Discurso Direito\\\" Conference Series - VFA Sociedade de Advogados\",\"isPartOf\":{\"@id\":\"https:\\\/\\\/www.vf-advogados.pt\\\/#website\"},\"primaryImageOfPage\":{\"@id\":\"https:\\\/\\\/www.vf-advogados.pt\\\/en\\\/media\\\/4th-event-of-the-discurso-direito-conference-series\\\/#primaryimage\"},\"image\":{\"@id\":\"https:\\\/\\\/www.vf-advogados.pt\\\/en\\\/media\\\/4th-event-of-the-discurso-direito-conference-series\\\/#primaryimage\"},\"thumbnailUrl\":\"https:\\\/\\\/www.vf-advogados.pt\\\/wp-content\\\/uploads\\\/2024\\\/05\\\/DSC01253__-2560x1440.jpg\",\"datePublished\":\"2024-05-15T16:32:59+00:00\",\"dateModified\":\"2024-06-20T15:47:11+00:00\",\"breadcrumb\":{\"@id\":\"https:\\\/\\\/www.vf-advogados.pt\\\/en\\\/media\\\/4th-event-of-the-discurso-direito-conference-series\\\/#breadcrumb\"},\"inLanguage\":\"en-US\",\"potentialAction\":[{\"@type\":\"ReadAction\",\"target\":[\"https:\\\/\\\/www.vf-advogados.pt\\\/en\\\/media\\\/4th-event-of-the-discurso-direito-conference-series\\\/\"]}]},{\"@type\":\"ImageObject\",\"inLanguage\":\"en-US\",\"@id\":\"https:\\\/\\\/www.vf-advogados.pt\\\/en\\\/media\\\/4th-event-of-the-discurso-direito-conference-series\\\/#primaryimage\",\"url\":\"https:\\\/\\\/www.vf-advogados.pt\\\/wp-content\\\/uploads\\\/2024\\\/05\\\/DSC01253__-2560x1440.jpg\",\"contentUrl\":\"https:\\\/\\\/www.vf-advogados.pt\\\/wp-content\\\/uploads\\\/2024\\\/05\\\/DSC01253__-2560x1440.jpg\",\"width\":2560,\"height\":1440},{\"@type\":\"BreadcrumbList\",\"@id\":\"https:\\\/\\\/www.vf-advogados.pt\\\/en\\\/media\\\/4th-event-of-the-discurso-direito-conference-series\\\/#breadcrumb\",\"itemListElement\":[{\"@type\":\"ListItem\",\"position\":1,\"name\":\"In\u00edcio\",\"item\":\"https:\\\/\\\/www.vf-advogados.pt\\\/en\\\/\"},{\"@type\":\"ListItem\",\"position\":2,\"name\":\"4th Event of the &#8220;Discurso Direito&#8221; Conference Series\"}]},{\"@type\":\"WebSite\",\"@id\":\"https:\\\/\\\/www.vf-advogados.pt\\\/#website\",\"url\":\"https:\\\/\\\/www.vf-advogados.pt\\\/\",\"name\":\"VF - Advogados\",\"description\":\"\",\"publisher\":{\"@id\":\"https:\\\/\\\/www.vf-advogados.pt\\\/#organization\"},\"potentialAction\":[{\"@type\":\"SearchAction\",\"target\":{\"@type\":\"EntryPoint\",\"urlTemplate\":\"https:\\\/\\\/www.vf-advogados.pt\\\/?s={search_term_string}\"},\"query-input\":{\"@type\":\"PropertyValueSpecification\",\"valueRequired\":true,\"valueName\":\"search_term_string\"}}],\"inLanguage\":\"en-US\"},{\"@type\":\"Organization\",\"@id\":\"https:\\\/\\\/www.vf-advogados.pt\\\/#organization\",\"name\":\"VF - Advogados\",\"url\":\"https:\\\/\\\/www.vf-advogados.pt\\\/\",\"logo\":{\"@type\":\"ImageObject\",\"inLanguage\":\"en-US\",\"@id\":\"https:\\\/\\\/www.vf-advogados.pt\\\/#\\\/schema\\\/logo\\\/image\\\/\",\"url\":\"https:\\\/\\\/www.vf-advogados.pt\\\/wp-content\\\/uploads\\\/2024\\\/04\\\/logo-VFA.svg\",\"contentUrl\":\"https:\\\/\\\/www.vf-advogados.pt\\\/wp-content\\\/uploads\\\/2024\\\/04\\\/logo-VFA.svg\",\"width\":345,\"height\":129,\"caption\":\"VF - Advogados\"},\"image\":{\"@id\":\"https:\\\/\\\/www.vf-advogados.pt\\\/#\\\/schema\\\/logo\\\/image\\\/\"},\"sameAs\":[\"https:\\\/\\\/www.facebook.com\\\/vfassociados\",\"https:\\\/\\\/www.linkedin.com\\\/company\\\/vf-associados\\\/\",\"https:\\\/\\\/www.instagram.com\\\/vfa_sociedade_de_advogados\\\/\"]},{\"@type\":\"Person\",\"@id\":\"https:\\\/\\\/www.vf-advogados.pt\\\/#\\\/schema\\\/person\\\/5b6b075c5a025c3d07ee93094908daee\",\"name\":\"Marco Ant\u00f3nio\",\"image\":{\"@type\":\"ImageObject\",\"inLanguage\":\"en-US\",\"@id\":\"https:\\\/\\\/secure.gravatar.com\\\/avatar\\\/9a2664387d264b43b9cd15390aba0baa3ef26384164332e4554f1474c43fb936?s=96&d=mm&r=g\",\"url\":\"https:\\\/\\\/secure.gravatar.com\\\/avatar\\\/9a2664387d264b43b9cd15390aba0baa3ef26384164332e4554f1474c43fb936?s=96&d=mm&r=g\",\"contentUrl\":\"https:\\\/\\\/secure.gravatar.com\\\/avatar\\\/9a2664387d264b43b9cd15390aba0baa3ef26384164332e4554f1474c43fb936?s=96&d=mm&r=g\",\"caption\":\"Marco Ant\u00f3nio\"},\"url\":\"https:\\\/\\\/www.vf-advogados.pt\\\/en\\\/author\\\/366ideiasgmail-com\\\/\"}]}<\/script>\n<!-- \/ Yoast SEO plugin. -->","yoast_head_json":{"title":"4th Event of the \"Discurso Direito\" Conference Series - VFA Sociedade de Advogados","robots":{"index":"index","follow":"follow","max-snippet":"max-snippet:-1","max-image-preview":"max-image-preview:large","max-video-preview":"max-video-preview:-1"},"canonical":"https:\/\/www.vf-advogados.pt\/en\/media\/4th-event-of-the-discurso-direito-conference-series\/","og_locale":"en_US","og_type":"article","og_title":"4th Event of the \"Discurso Direito\" Conference Series - VFA Sociedade de Advogados","og_description":"The 4th conference in the \"Discurso Direito\" series promoted by VFA took place in Coimbra. The theme: \"Debt Discharge and Tax Credits\"","og_url":"https:\/\/www.vf-advogados.pt\/en\/media\/4th-event-of-the-discurso-direito-conference-series\/","og_site_name":"VFA Sociedade de Advogados","article_publisher":"https:\/\/www.facebook.com\/vfassociados","article_published_time":"2024-05-15T16:32:59+00:00","article_modified_time":"2024-06-20T15:47:11+00:00","og_image":[{"width":2560,"height":1440,"url":"https:\/\/www.vf-advogados.pt\/wp-content\/uploads\/2024\/05\/DSC01253__-2560x1440.jpg","type":"image\/jpeg"}],"author":"Marco Ant\u00f3nio","twitter_card":"summary_large_image","twitter_misc":{"Written by":"Marco Ant\u00f3nio","Est. reading time":"3 minutes"},"schema":{"@context":"https:\/\/schema.org","@graph":[{"@type":"Article","@id":"https:\/\/www.vf-advogados.pt\/en\/media\/4th-event-of-the-discurso-direito-conference-series\/#article","isPartOf":{"@id":"https:\/\/www.vf-advogados.pt\/en\/media\/4th-event-of-the-discurso-direito-conference-series\/"},"author":{"name":"Marco Ant\u00f3nio","@id":"https:\/\/www.vf-advogados.pt\/#\/schema\/person\/5b6b075c5a025c3d07ee93094908daee"},"headline":"4th Event of the &#8220;Discurso Direito&#8221; Conference Series","datePublished":"2024-05-15T16:32:59+00:00","dateModified":"2024-06-20T15:47:11+00:00","mainEntityOfPage":{"@id":"https:\/\/www.vf-advogados.pt\/en\/media\/4th-event-of-the-discurso-direito-conference-series\/"},"wordCount":93,"publisher":{"@id":"https:\/\/www.vf-advogados.pt\/#organization"},"image":{"@id":"https:\/\/www.vf-advogados.pt\/en\/media\/4th-event-of-the-discurso-direito-conference-series\/#primaryimage"},"thumbnailUrl":"https:\/\/www.vf-advogados.pt\/wp-content\/uploads\/2024\/05\/DSC01253__-2560x1440.jpg","articleSection":["Knowledge","Media"],"inLanguage":"en-US"},{"@type":"WebPage","@id":"https:\/\/www.vf-advogados.pt\/en\/media\/4th-event-of-the-discurso-direito-conference-series\/","url":"https:\/\/www.vf-advogados.pt\/en\/media\/4th-event-of-the-discurso-direito-conference-series\/","name":"4th Event of the \"Discurso Direito\" Conference Series - VFA Sociedade de Advogados","isPartOf":{"@id":"https:\/\/www.vf-advogados.pt\/#website"},"primaryImageOfPage":{"@id":"https:\/\/www.vf-advogados.pt\/en\/media\/4th-event-of-the-discurso-direito-conference-series\/#primaryimage"},"image":{"@id":"https:\/\/www.vf-advogados.pt\/en\/media\/4th-event-of-the-discurso-direito-conference-series\/#primaryimage"},"thumbnailUrl":"https:\/\/www.vf-advogados.pt\/wp-content\/uploads\/2024\/05\/DSC01253__-2560x1440.jpg","datePublished":"2024-05-15T16:32:59+00:00","dateModified":"2024-06-20T15:47:11+00:00","breadcrumb":{"@id":"https:\/\/www.vf-advogados.pt\/en\/media\/4th-event-of-the-discurso-direito-conference-series\/#breadcrumb"},"inLanguage":"en-US","potentialAction":[{"@type":"ReadAction","target":["https:\/\/www.vf-advogados.pt\/en\/media\/4th-event-of-the-discurso-direito-conference-series\/"]}]},{"@type":"ImageObject","inLanguage":"en-US","@id":"https:\/\/www.vf-advogados.pt\/en\/media\/4th-event-of-the-discurso-direito-conference-series\/#primaryimage","url":"https:\/\/www.vf-advogados.pt\/wp-content\/uploads\/2024\/05\/DSC01253__-2560x1440.jpg","contentUrl":"https:\/\/www.vf-advogados.pt\/wp-content\/uploads\/2024\/05\/DSC01253__-2560x1440.jpg","width":2560,"height":1440},{"@type":"BreadcrumbList","@id":"https:\/\/www.vf-advogados.pt\/en\/media\/4th-event-of-the-discurso-direito-conference-series\/#breadcrumb","itemListElement":[{"@type":"ListItem","position":1,"name":"In\u00edcio","item":"https:\/\/www.vf-advogados.pt\/en\/"},{"@type":"ListItem","position":2,"name":"4th Event of the &#8220;Discurso Direito&#8221; Conference Series"}]},{"@type":"WebSite","@id":"https:\/\/www.vf-advogados.pt\/#website","url":"https:\/\/www.vf-advogados.pt\/","name":"VF - Advogados","description":"","publisher":{"@id":"https:\/\/www.vf-advogados.pt\/#organization"},"potentialAction":[{"@type":"SearchAction","target":{"@type":"EntryPoint","urlTemplate":"https:\/\/www.vf-advogados.pt\/?s={search_term_string}"},"query-input":{"@type":"PropertyValueSpecification","valueRequired":true,"valueName":"search_term_string"}}],"inLanguage":"en-US"},{"@type":"Organization","@id":"https:\/\/www.vf-advogados.pt\/#organization","name":"VF - Advogados","url":"https:\/\/www.vf-advogados.pt\/","logo":{"@type":"ImageObject","inLanguage":"en-US","@id":"https:\/\/www.vf-advogados.pt\/#\/schema\/logo\/image\/","url":"https:\/\/www.vf-advogados.pt\/wp-content\/uploads\/2024\/04\/logo-VFA.svg","contentUrl":"https:\/\/www.vf-advogados.pt\/wp-content\/uploads\/2024\/04\/logo-VFA.svg","width":345,"height":129,"caption":"VF - Advogados"},"image":{"@id":"https:\/\/www.vf-advogados.pt\/#\/schema\/logo\/image\/"},"sameAs":["https:\/\/www.facebook.com\/vfassociados","https:\/\/www.linkedin.com\/company\/vf-associados\/","https:\/\/www.instagram.com\/vfa_sociedade_de_advogados\/"]},{"@type":"Person","@id":"https:\/\/www.vf-advogados.pt\/#\/schema\/person\/5b6b075c5a025c3d07ee93094908daee","name":"Marco Ant\u00f3nio","image":{"@type":"ImageObject","inLanguage":"en-US","@id":"https:\/\/secure.gravatar.com\/avatar\/9a2664387d264b43b9cd15390aba0baa3ef26384164332e4554f1474c43fb936?s=96&d=mm&r=g","url":"https:\/\/secure.gravatar.com\/avatar\/9a2664387d264b43b9cd15390aba0baa3ef26384164332e4554f1474c43fb936?s=96&d=mm&r=g","contentUrl":"https:\/\/secure.gravatar.com\/avatar\/9a2664387d264b43b9cd15390aba0baa3ef26384164332e4554f1474c43fb936?s=96&d=mm&r=g","caption":"Marco Ant\u00f3nio"},"url":"https:\/\/www.vf-advogados.pt\/en\/author\/366ideiasgmail-com\/"}]}},"_links":{"self":[{"href":"https:\/\/www.vf-advogados.pt\/en\/wp-json\/wp\/v2\/posts\/1042","targetHints":{"allow":["GET"]}}],"collection":[{"href":"https:\/\/www.vf-advogados.pt\/en\/wp-json\/wp\/v2\/posts"}],"about":[{"href":"https:\/\/www.vf-advogados.pt\/en\/wp-json\/wp\/v2\/types\/post"}],"author":[{"embeddable":true,"href":"https:\/\/www.vf-advogados.pt\/en\/wp-json\/wp\/v2\/users\/8"}],"replies":[{"embeddable":true,"href":"https:\/\/www.vf-advogados.pt\/en\/wp-json\/wp\/v2\/comments?post=1042"}],"version-history":[{"count":3,"href":"https:\/\/www.vf-advogados.pt\/en\/wp-json\/wp\/v2\/posts\/1042\/revisions"}],"predecessor-version":[{"id":1115,"href":"https:\/\/www.vf-advogados.pt\/en\/wp-json\/wp\/v2\/posts\/1042\/revisions\/1115"}],"wp:featuredmedia":[{"embeddable":true,"href":"https:\/\/www.vf-advogados.pt\/en\/wp-json\/wp\/v2\/media\/1048"}],"wp:attachment":[{"href":"https:\/\/www.vf-advogados.pt\/en\/wp-json\/wp\/v2\/media?parent=1042"}],"wp:term":[{"taxonomy":"category","embeddable":true,"href":"https:\/\/www.vf-advogados.pt\/en\/wp-json\/wp\/v2\/categories?post=1042"},{"taxonomy":"post_tag","embeddable":true,"href":"https:\/\/www.vf-advogados.pt\/en\/wp-json\/wp\/v2\/tags?post=1042"}],"curies":[{"name":"wp","href":"https:\/\/api.w.org\/{rel}","templated":true}]}}